{"id":503,"date":"2017-05-30T17:20:16","date_gmt":"2017-05-30T16:20:16","guid":{"rendered":"http:\/\/www.gegenwind-temnitz.de\/?p=503"},"modified":"2017-05-30T17:29:08","modified_gmt":"2017-05-30T16:29:08","slug":"argumentationshilfen","status":"publish","type":"post","link":"http:\/\/www.gegenwind-temnitz.de\/?p=503","title":{"rendered":"Argumentationshilfen"},"content":{"rendered":"<h2><span style=\"color: #595959;\"><span style=\"font-family: Calibri,sans-serif;\"><b>Offene Auflistung von <\/b><span style=\"font-size: medium;\"><b>Argumenten, Gr\u00fcnden und Sorgen gegen weitere Windkraftanlagen<\/b><\/span><\/span><\/span><\/h2>\n<p>PERS\u00d6NLICHE &amp; MENSCHLICHE BED\u00dcRFNISSE \/ Gesundheit<\/p>\n<ul>\n<li><span style=\"font-family: Calibri,sans-serif;\"><span style=\"font-size: medium;\">fehlende regionale Gesundheitsstudie zu den Auswirkungen auf den Menschen<\/span><\/span><\/li>\n<li><span style=\"font-family: Calibri,sans-serif;\"><span style=\"font-size: medium;\">Schlagschatten: Besonders im Sommer und Sp\u00e4tsommer werden viele Ortschaften direkt betroffen sein!<\/span><\/span><\/li>\n<li><span style=\"font-family: Calibri,sans-serif;\"><span style=\"font-size: medium;\">45 db Dauerl\u00e4rm: Die Hauptwindrichtung West wird die meisten unserer Ortschaften in voller Breite treffen! Wegfall der Erholungszonen im Garten und Balkon<\/span><\/span><\/li>\n<li><span style=\"font-family: Calibri,sans-serif;\"><span style=\"font-size: medium;\">Infraschall: kann nicht verhindert und nicht abgeschirmt werden! K\u00fcnstlich erzeugter Infraschall macht wissenschaftlich erwiesen krank! Physische und psychische Sch\u00e4digungen!<\/span><\/span><\/li>\n<li><span style=\"font-family: Calibri,sans-serif;\"><span style=\"font-size: medium;\">Discoeffekt: tags\u00fcber wei\u00dfes, nachts Befeuerung durch rotes Blinklicht. Zus\u00e4tzlich Lichtreflexionen, die durch Sonnenlicht an den sich drehenden Rotorenbl\u00e4ttern auftreten.<\/span><\/span><\/li>\n<li><span style=\"font-family: Calibri,sans-serif;\"><span style=\"font-size: medium;\">vollkommene Beeintr\u00e4chtigung der Erholungsgebiete. <span style=\"color: #020202;\">Nach Artikel 24 der \u201eAllgemeinen Erkl\u00e4rung der Menschenrechte\u201c ist das \u201cRecht auf Erholung und Freizeit\u201c ein elementares Menschenrecht<\/span><\/span><\/span><\/li>\n<li><span style=\"font-family: Calibri,sans-serif;\"><span style=\"font-size: medium;\">hohe Gefahr von Eisschlag und Eiswurf im Winter. Gebiete nicht begehbar!<br \/>\n<\/span><\/span><\/li>\n<\/ul>\n<p><span style=\"color: #595959;\"><span style=\"font-family: Calibri,sans-serif;\"><span style=\"font-size: medium;\"><b>Gr\u00fcnde wirtschaftlicher Art<\/b><\/span><\/span><\/span><\/p>\n<ul>\n<li><span style=\"font-family: Calibri,sans-serif;\"><span style=\"font-size: medium;\">Massiver Wertverlust von Immobilien und Grundst\u00fccken<\/span><\/span><\/li>\n<li><span style=\"font-family: Calibri,sans-serif;\"><span style=\"font-size: medium;\">Verhinderung der Ortsentwicklung in Gebieten direkt vor den Windkraftanlagen<\/span><\/span><\/li>\n<li><span style=\"font-family: Calibri,sans-serif;\"><span style=\"font-size: medium;\">Wegfall von Mieteinahmen, denn niemand will vor einem Windindustriepark wohnen<\/span><\/span><\/li>\n<li><span style=\"font-family: Calibri,sans-serif;\"><span style=\"font-size: medium;\">Es werden falsche Zahlen ver\u00f6ffentlicht. Der Nennwert als Leistungszahl ist kein realistischer Durchschnittswert! Die bei der Planung von Windkraftanlagen zu Grunde gelegte Stromproduktion wird regelm\u00e4\u00dfig auch nicht ann\u00e4hernd erreicht.<\/span><\/span><\/li>\n<li><span style=\"font-family: Calibri,sans-serif;\"><span style=\"font-size: medium;\">Der R\u00fcckbau der Windkraftanlagen, z.B.: 3000 t Beton im Fundament (25 m x 25 m x 4 m) jeder einzelnen Anlage, ist nicht gesichert. Das machen sp\u00e4ter bestimmt die Kinder der Landeigent\u00fcmer?<br \/>\n<\/span><\/span><\/li>\n<\/ul>\n<p><span style=\"color: #595959;\"><span style=\"font-family: Calibri,sans-serif;\"><span style=\"font-size: medium;\"><b>Gr\u00fcnde Technischer Art<\/b><\/span><\/span><\/span><\/p>\n<ul>\n<li><span style=\"font-family: Calibri,sans-serif;\"><span style=\"font-size: medium;\">Sch\u00e4den mit Gefahr f\u00fcr Leib und Leben von Menschen und Tieren durch Verlust von Fl\u00fcgelteilen, Bruch von Rotorbl\u00e4ttern oder Gondeln<\/span><\/span><\/li>\n<li><span style=\"font-family: Calibri,sans-serif;\"><span style=\"font-size: medium;\">Sturmgefahr und Abknicken durch technische Defekte<\/span><\/span><\/li>\n<li><span style=\"font-family: Calibri,sans-serif;\"><span style=\"font-size: medium;\">Blitzschlag durch massive H\u00f6he; Brandbek\u00e4mpfung f\u00fcr die Feuerwehr unm\u00f6glich (bei Waldbrandstufe 4 und 5 sind die Windkraftanlagen im Wald eine Hauptgefahrenquelle) <\/span><\/span><\/li>\n<li><span style=\"font-family: Calibri,sans-serif;\"><span style=\"font-size: medium;\">Zus\u00e4tzliche Stromtrassen dicht an den Ortschaften vorbei<br \/>\n<\/span><\/span><\/li>\n<\/ul>\n<p><span style=\"color: #595959;\"><span style=\"font-family: Calibri,sans-serif;\"><span style=\"font-size: medium;\"><b>Politische, Gesellschaftliche und rechtliche Gr\u00fcnde<\/b><\/span><\/span><\/span><\/p>\n<ul>\n<li><span style=\"font-family: Calibri,sans-serif;\"><span style=\"font-size: medium;\">Fehlende objektive Gutachten zu Naturschutzvorgaben<\/span><\/span><\/li>\n<li><span style=\"font-family: Calibri,sans-serif;\"><span style=\"font-size: medium;\">Fehlende Fakten zur nutzbaren Windst\u00e4rke<\/span><\/span><\/li>\n<li><span style=\"font-family: Calibri,sans-serif;\"><span style=\"font-size: medium;\">Fehlende Transparenz im Vorhaben und Ausschluss der B\u00fcrger<\/span><\/span><\/li>\n<li><span style=\"font-family: Calibri,sans-serif;\"><span style=\"font-size: medium;\">Subventionen (letztlich unsere Steuergelder) kommen nur wenigen zu Gute<\/span><\/span><\/li>\n<li><span style=\"font-family: Calibri,sans-serif;\"><span style=\"font-size: medium;\">Beeintr\u00e4chtigung des Tourismus: Wer m\u00f6chte vor Windkraftanlagen mit dem Rad fahren?<br \/>\n<\/span><\/span><\/li>\n<\/ul>\n<p><span style=\"color: #595959;\"><span style=\"font-family: Calibri,sans-serif;\"><span style=\"font-size: medium;\"><b>Gr\u00fcnde im Naturschutz und Landschaftsbild<\/b><\/span><\/span><\/span><\/p>\n<ul>\n<li><span style=\"font-family: Calibri,sans-serif;\"><span style=\"font-size: medium;\">Windkraftindustrieparks beeintr\u00e4chtigen massiv die Zugvogellinien und t\u00f6ten V\u00f6gel in gro\u00dfer Zahl.<\/span><\/span><\/li>\n<li><span style=\"color: #020202;\"><span style=\"font-family: Calibri,sans-serif;\"><span style=\"font-size: medium;\">Es wird eindeutig gegen \u00a7 44 Abs. 1 Nr. 1 BNatSchG versto\u00dfen, der die T\u00f6tung gesch\u00fctzter Tierarten verbietet<\/span><\/span><\/span><\/li>\n<li><span style=\"font-family: Calibri,sans-serif;\"><span style=\"font-size: medium;\">Versiegelung von Flurst\u00fccken<\/span><\/span><\/li>\n<li><span style=\"font-family: Calibri,sans-serif;\"><span style=\"font-size: medium;\">Beeintr\u00e4chtigung von Grundwasserspeichergebieten<\/span><\/span><\/li>\n<li><span style=\"font-family: Calibri,sans-serif;\"><span style=\"font-size: medium;\">Windkraftindustrieparks zerst\u00f6ren nat\u00fcrlichen Lebensraum von wildlebenden Tieren. So kommt bei uns der, unter besonderem Schutz stehende, artgesch\u00fctzte Rotmilan vor.<\/span><\/span><\/li>\n<li><span style=\"color: #020202;\"><span style=\"font-family: Calibri,sans-serif;\"><span style=\"font-size: medium;\">Verschandelung des Landschaftsbildes und unserer Heimat! Das f\u00fchrt zu einem Heimatverlust der B\u00fcrger.<\/span><\/span><\/span><\/li>\n<\/ul>\n<p><span style=\"font-family: Calibri,sans-serif;\"><span style=\"font-size: medium;\">Durch eine Einwendung entstehen Ihnen <u><b>keine Kosten<\/b><\/u>. Sie gehen mit einer <u><b>Einwendung keinerlei rechtliche Verpflichtungen<\/b><\/u> ein. Ehepaare und deren Kinder sollten <u><b>jeder eine eigene Einwendung<\/b><\/u> schreiben, selbst wenn sie \u00e4hnlichen Text enthalten. Bei minderj\u00e4hrigen Kindern darf die Unterschrift der Eltern nicht fehlen. Beispiel: Eine vierk\u00f6pfige Familie sollte auch vier Einwendungen schreiben und einreichen. Auch der <u><b>Wohnort des Einwenders spielt keine Rolle<\/b><\/u>, d.h. auch ein Neuruppiner oder Oranienburger kann seine Einwendung abgeben, wenn er eine Immobilie im Planungsgebiet hat oder zur Freizeit und Erholung in unsere Region kommt. Infolge von Windkraftanlagen sind in vielen Gesch\u00e4ftsbereichen, Handel, Gastronomie, Freizeiteinrichtungen, etc. <u><b>Imagesch\u00e4den und Gesch\u00e4ftseinbu\u00dfen<\/b><\/u> zu bef\u00fcrchten. Sofern Sie davon betroffen sind, sollten Sie das vortragen.<\/span><\/span><\/p>\n<p><span style=\"font-family: Calibri,sans-serif;\"><span style=\"font-size: medium;\">Name, Anschrift, Datum und Unterschrift nicht vergessen! Sind Sie Eigent\u00fcmer einer betroffenen Immobilie oder Grundst\u00fcckes, so vermerken Sie dies bitte ausdr\u00fccklich: \u201eAls Eigent\u00fcmer des Grundst\u00fcckes, Stra\u00dfe, PLZ, Ort\u201c. Denken Sie daran, alle betroffenen Flurst\u00fccke oder Wohnungen anzugeben. Nehmen Sie unbedingt eine Kopie der unterschriebenen Einwendungen zu Ihren Unterlagen. Bei pers\u00f6nlich abgegebenen Unterlagen sollten Sie sich den Eingang der Einwendung best\u00e4tigen lassen!<br \/>\n<\/span><\/span><\/p>\n<p><span style=\"font-family: Calibri,sans-serif;\"><span style=\"font-size: medium;\">Das Schreiben kann <b>individuell und formfrei<\/b> gestaltet sein. Umfang, Gestaltung und Formulierung spielen keine Rolle. F\u00fcr Ihren Einspruch m\u00fcssen Sie keine Rechtfertigung schreiben. Ebenso wenig ist eine wissenschaftliche Aufarbeitung eines Punktes notwendig. Schreiben Sie Ihre B\u00fcrgermeinung! Je pers\u00f6nlicher, umso eher erfolgt eine Einzelbehandlung.<\/span><\/span><\/p>\n<h2><span style=\"font-family: Calibri,sans-serif;\"><span style=\"font-size: medium;\">Zur Hilfe k\u00f6nnen Sie unsere <b>Vorlage <\/b>verwenden. <span style=\"color: #ff0000;\"><a style=\"color: #ff0000;\" href=\"http:\/\/www.gegenwind-temnitz.de\/?p=312\">Vorlage f\u00fcr Ihren Einspruch<\/a><\/span><br \/>\n<\/span><\/span><\/h2>\n<p><\/p>","protected":false},"excerpt":{"rendered":"<p>Offene Auflistung von Argumenten, Gr\u00fcnden und Sorgen gegen weitere Windkraftanlagen PERS\u00d6NLICHE &amp; MENSCHLICHE BED\u00dcRFNISSE \/ Gesundheit fehlende regionale Gesundheitsstudie zu den Auswirkungen auf den Menschen Schlagschatten: Besonders im Sommer und Sp\u00e4tsommer werden viele Ortschaften direkt betroffen sein! 45 db Dauerl\u00e4rm: Die Hauptwindrichtung West wird die meisten unserer Ortschaften in voller Breite treffen! Wegfall der Erholungszonen [&hellip;]<\/p>\n","protected":false},"author":7,"featured_media":0,"comment_status":"closed","ping_status":"open","sticky":false,"template":"","format":"standard","meta":{"footnotes":""},"categories":[1],"tags":[],"class_list":["post-503","post","type-post","status-publish","format-standard","hentry","category-allgemein"],"_links":{"self":[{"href":"http:\/\/www.gegenwind-temnitz.de\/index.php?rest_route=\/wp\/v2\/posts\/503","targetHints":{"allow":["GET"]}}],"collection":[{"href":"http:\/\/www.gegenwind-temnitz.de\/index.php?rest_route=\/wp\/v2\/posts"}],"about":[{"href":"http:\/\/www.gegenwind-temnitz.de\/index.php?rest_route=\/wp\/v2\/types\/post"}],"author":[{"embeddable":true,"href":"http:\/\/www.gegenwind-temnitz.de\/index.php?rest_route=\/wp\/v2\/users\/7"}],"replies":[{"embeddable":true,"href":"http:\/\/www.gegenwind-temnitz.de\/index.php?rest_route=%2Fwp%2Fv2%2Fcomments&post=503"}],"version-history":[{"count":4,"href":"http:\/\/www.gegenwind-temnitz.de\/index.php?rest_route=\/wp\/v2\/posts\/503\/revisions"}],"predecessor-version":[{"id":515,"href":"http:\/\/www.gegenwind-temnitz.de\/index.php?rest_route=\/wp\/v2\/posts\/503\/revisions\/515"}],"wp:attachment":[{"href":"http:\/\/www.gegenwind-temnitz.de\/index.php?rest_route=%2Fwp%2Fv2%2Fmedia&parent=503"}],"wp:term":[{"taxonomy":"category","embeddable":true,"href":"http:\/\/www.gegenwind-temnitz.de\/index.php?rest_route=%2Fwp%2Fv2%2Fcategories&post=503"},{"taxonomy":"post_tag","embeddable":true,"href":"http:\/\/www.gegenwind-temnitz.de\/index.php?rest_route=%2Fwp%2Fv2%2Ftags&post=503"}],"curies":[{"name":"wp","href":"https:\/\/api.w.org\/{rel}","templated":true}]}}