{"id":468,"date":"2017-05-02T18:03:44","date_gmt":"2017-05-02T17:03:44","guid":{"rendered":"http:\/\/www.gegenwind-temnitz.de\/?p=468"},"modified":"2017-05-02T18:03:44","modified_gmt":"2017-05-02T17:03:44","slug":"2-entwurf-des-regionalplans-freiraum-und-windenergie-gebilligt","status":"publish","type":"post","link":"http:\/\/www.gegenwind-temnitz.de\/?p=468","title":{"rendered":"2. Entwurf des Regionalplans &#8222;Freiraum und Windenergie&#8220; gebilligt"},"content":{"rendered":"<p><strong>Die Regionalversammlung Prignitz-Oberhavel hat am 26. April 2017 den 2. Entwurf des Regionalplans &#8222;Freiraum und Windenergie&#8220; gebilligt. Damit ist der Weg frei f\u00fcr die erneute Beteiligung von Beh\u00f6rden und \u00d6ffentlichkeit. Die erneute Auslegung ist erforderlich, weil deutliche \u00c4nderungen gegen\u00fcber dem 1. Entwurf vorgenommen wurden. So wurden zehn Windeignungsgebiete gestrichen, acht Bestandsgebiete wieder aufgenommen und ein Gebiet neu dargestellt. Hiermit reagiert die Regionalversammlung auf die mehr als 2.000 Stellungnahmen aus dem 1. Beteiligungsverfahren. Der 2. Entwurf wird f\u00fcr die Dauer von zwei Monaten in den Kreisverwaltungen Oberhavel, Ostprignitz-Ruppin und Prignitz sowie in der Regionalen Planungsstelle ausgelegt und auf der Internetseite ver\u00f6ffentlicht.<\/strong><br \/>\n<span style=\"color: #ff0000;\"><strong> W\u00e4hrend dieser Zeit m\u00fcssen Anregungen und Hinweise vorgebracht werden!!!<\/strong><\/span><br \/>\n<strong> Die Auslegung soll Anfang Juni 2017 starten. Die genauen Fristen werden mindestens eine Woche vorher im Amtsblatt f\u00fcr Brandenburg bekannt gegeben.<\/strong><\/p>\n<p><strong><a href=\"http:\/\/www.gegenwind-temnitz.de\/wp-content\/uploads\/2017\/05\/Regionalplan-Bereich-Amt-Temnitz.pdf\">Regionalplan Bereich Amt Temnitz<\/a><\/strong><\/p>\n<p><\/p>","protected":false},"excerpt":{"rendered":"<p>Die Regionalversammlung Prignitz-Oberhavel hat am 26. April 2017 den 2. Entwurf des Regionalplans &#8222;Freiraum und Windenergie&#8220; gebilligt. Damit ist der Weg frei f\u00fcr die erneute Beteiligung von Beh\u00f6rden und \u00d6ffentlichkeit. Die erneute Auslegung ist erforderlich, weil deutliche \u00c4nderungen gegen\u00fcber dem 1. Entwurf vorgenommen wurden. So wurden zehn Windeignungsgebiete gestrichen, acht Bestandsgebiete wieder aufgenommen und ein [&hellip;]<\/p>\n","protected":false},"author":7,"featured_media":0,"comment_status":"closed","ping_status":"open","sticky":false,"template":"","format":"standard","meta":{"footnotes":""},"categories":[1],"tags":[],"class_list":["post-468","post","type-post","status-publish","format-standard","hentry","category-allgemein"],"_links":{"self":[{"href":"http:\/\/www.gegenwind-temnitz.de\/index.php?rest_route=\/wp\/v2\/posts\/468","targetHints":{"allow":["GET"]}}],"collection":[{"href":"http:\/\/www.gegenwind-temnitz.de\/index.php?rest_route=\/wp\/v2\/posts"}],"about":[{"href":"http:\/\/www.gegenwind-temnitz.de\/index.php?rest_route=\/wp\/v2\/types\/post"}],"author":[{"embeddable":true,"href":"http:\/\/www.gegenwind-temnitz.de\/index.php?rest_route=\/wp\/v2\/users\/7"}],"replies":[{"embeddable":true,"href":"http:\/\/www.gegenwind-temnitz.de\/index.php?rest_route=%2Fwp%2Fv2%2Fcomments&post=468"}],"version-history":[{"count":2,"href":"http:\/\/www.gegenwind-temnitz.de\/index.php?rest_route=\/wp\/v2\/posts\/468\/revisions"}],"predecessor-version":[{"id":471,"href":"http:\/\/www.gegenwind-temnitz.de\/index.php?rest_route=\/wp\/v2\/posts\/468\/revisions\/471"}],"wp:attachment":[{"href":"http:\/\/www.gegenwind-temnitz.de\/index.php?rest_route=%2Fwp%2Fv2%2Fmedia&parent=468"}],"wp:term":[{"taxonomy":"category","embeddable":true,"href":"http:\/\/www.gegenwind-temnitz.de\/index.php?rest_route=%2Fwp%2Fv2%2Fcategories&post=468"},{"taxonomy":"post_tag","embeddable":true,"href":"http:\/\/www.gegenwind-temnitz.de\/index.php?rest_route=%2Fwp%2Fv2%2Ftags&post=468"}],"curies":[{"name":"wp","href":"https:\/\/api.w.org\/{rel}","templated":true}]}}