{"id":312,"date":"2015-06-21T18:37:05","date_gmt":"2015-06-21T17:37:05","guid":{"rendered":"http:\/\/www.gegenwind-temnitz.de\/?p=312"},"modified":"2017-05-30T17:01:05","modified_gmt":"2017-05-30T16:01:05","slug":"vorlage-fuer-einen-einspruch-gegen-den-regionalplan","status":"publish","type":"post","link":"http:\/\/www.gegenwind-temnitz.de\/?p=312","title":{"rendered":"Vorlage f\u00fcr Ihren Einspruch gegen den 2. Entwurf des Regionalplanes &#8222;Freiraum und Windenergie&#8220;"},"content":{"rendered":"<p><span style=\"font-family: Calibri,sans-serif;\"><span style=\"font-size: medium;\">Absender: \u2026\u2026\u2026\u2026\u2026\u2026\u2026\u2026&#8230;..\u2026\u2026\u2026\u2026\u2026&#8230;.<span lang=\"zxx\"><br \/>\n<\/span>\u2026\u2026\u2026\u2026\u2026\u2026\u2026\u2026\u2026\u2026\u2026\u2026\u2026\u2026\u2026\u2026\u2026\u2026\u2026\u2026\u2026\u2026.<span lang=\"zxx\"><br \/>\n<\/span>\u2026\u2026\u2026\u2026\u2026\u2026\u2026\u2026\u2026\u2026\u2026\u2026\u2026\u2026\u2026\u2026\u2026\u2026\u2026\u2026\u2026\u2026.<br \/>\n\u2026\u2026\u2026\u2026\u2026\u2026\u2026\u2026\u2026\u2026\u2026\u2026\u2026\u2026\u2026\u2026\u2026\u2026\u2026\u2026\u2026\u2026.<\/span><\/span><\/p>\n<p><span style=\"font-family: Calibri,sans-serif;\"><span style=\"font-size: medium;\">Regionale Planungsstelle<br \/>\nFehrbelliner Stra\u00dfe 31<\/span><\/span><\/p>\n<p><span style=\"font-family: Calibri,sans-serif;\"><span style=\"font-size: medium;\">16816 Neuruppin<\/span><\/span><\/p>\n<p align=\"RIGHT\"><span style=\"font-family: Calibri,sans-serif;\"><span style=\"font-size: medium;\">Datum:\u2026\u2026\u2026\u2026\u2026\u2026\u2026\u2026\u2026\u2026\u2026\u2026..<\/span><\/span><\/p>\n<p><span style=\"font-family: Calibri,sans-serif;\"><span style=\"font-size: medium;\"><span lang=\"zxx\"><b>Einspruch<br \/>\ngegen die Ausweisung weiterer Windeignungsgebiete f\u00fcr Windindustrieanlagen sowie die Genehmigung aller vorliegenden Bauantr\u00e4ge Windkraftanlagen und zugeh\u00f6rigen Stromtrassen<\/b><\/span><\/span><\/span><\/p>\n<p lang=\"zxx\"><span style=\"font-family: Calibri,sans-serif;\"><span style=\"font-size: medium;\">Sehr geehrte Damen und Herren,<\/span><\/span><\/p>\n<p>ich erkl\u00e4re hiermit ausdr\u00fccklich, dass ich mich durch die Nutzung der Fl\u00e4chen durch Windkraftanlagen infolge der Festlegung und Billigung der im 2. Entwurf des Regionalplanes \u201cFreiraum und Windenergie\u201d ausgewiesenen Windeignungsgebiete pers\u00f6nlich betroffen f\u00fchle.<\/p>\n<p>Bei der Abw\u00e4gung sind sowohl \u00f6ffentliche als auch private Belange zu ber\u00fccksichtigen. Eine Ber\u00fccksichtigung privater Belange kann ich f\u00fcr mich aus den ver\u00f6ffentlichten Genehmigungsunterlagen und der fehlenden ersten Ver\u00f6ffentlichung nicht erkennen.<\/p>\n<p><span style=\"font-family: Calibri,sans-serif;\"><span style=\"font-size: medium;\"><span lang=\"zxx\">Ich erhebe dazu nachstehende Einwendungen:<\/span><br \/>\n<i>(<\/i><span lang=\"zxx\"><i><b>EINF\u00dcGEN der pers\u00f6nlichen Einspr\u00fcche, Argumente, Bilder, ggf. Anh\u00e4nge<\/b><\/i><\/span><i><b>)<\/b><\/i><\/span><\/span><\/p>\n<p><b>1. Keine Windkraftanlagen im Wald<br \/>\n2. Mindestabstand der Windkraftanlagen zu Wohnbebauungen gem\u00e4\u00df der 10-H Abstandsregelung<br \/>\n3. Freihaltung der unzerschnittenen Landschaftsr\u00e4ume und deren Verbundsfl\u00e4chen als Entwicklungsfl\u00e4che f\u00fcr den Biotopverbund (wie z.B. zwischen der historischen Kulturlandschaft Kyritz-Ruppiner-Heide <\/b><b>(ehem. Bombodrom) <\/b><b>und Kyritzer Seenkette (lt. Landschaftsrahmenplan OPR)<br \/>\n4. Vermeidung bzw. Ausschluss von Landschaftszerschneidungen<br \/>\n5. Freihaltung und Sicherung von Wildkorridoren<br \/>\n6. Erhaltung des Landschaftsbildes und der historisch gewachsenen Kulturlandschaften (z.B. D\u00f6rferkette von Vichel \u00fcber Manker, Protzen bis nach Langen &#8211; n\u00f6rdlicher Rand des Rhinluches)<\/b><b><br \/>\n<\/b><b>7. Forderung einer regionalen Gesundheitsstudie zu Auswirkungen von Windkraftanlagen auf die menschliche Gesundheit durch das Landesamt f\u00fcr Umwelt<br \/>\n8. Forderung auf Einhaltung des Mindestabstandes von 5 km von Windeignungsgebieten untereinander<br \/>\n9. Sofortiger <\/b><b>Stopp der Ausweisung aller Windeignungsgebiet im Planungsgebiet, bis das Landesamt f\u00fcr Umwelt einen qualifizierten Bericht und Auswertung \u00fcber die Schallnachmessung aller 960 WKA im Planungsgebiet vorlegt. Wie wirken sich die \u201ealten\u201c und \u201ez.T. neuen\u201c Standorte auf Grund der Vorbelastung der Umwelt (besonders des L\u00e4rms) nach \u00a7 9 Raumordnungsgesetz (Schutzg\u00fcter Mensch\/Gesundheit\/Wechselwirkung) in Summe des Abstandes zur Wohnnutzung, der Gr\u00f6\u00dfe der Windeignungsfl\u00e4che und der Anzahl der schon betriebenen Windkraftanlagen, auf die Menschen aus.<br \/>\n10. Ungleichbehandlung der Bewertung der Schutzg\u00fcter nach Raumordnungsgesetz: der Natur- und Artenschutz wird anhand von Gutachten und Monitorringberichten des Landesamtes f\u00fcr Umwelt bewertet und der Menschenschutz erh\u00e4lt kein Monitorringbericht oder Gutachten.<br \/>\n11. Fehlender erh\u00f6hter Schutzabstand bei Kinder-, Schul- und Senioreneinrichtungen zu Windeignungsgebieten.<\/b><\/p>\n<p lang=\"zxx\">\u2026\u2026\u2026\u2026\u2026\u2026\u2026\u2026\u2026\u2026\u2026\u2026\u2026\u2026\u2026\u2026\u2026\u2026\u2026\u2026\u2026\u2026\u2026\u2026\u2026\u2026\u2026\u2026\u2026\u2026\u2026\u2026\u2026\u2026\u2026\u2026\u2026\u2026\u2026\u2026\u2026\u2026\u2026\u2026\u2026\u2026\u2026\u2026\u2026\u2026\u2026\u2026\u2026\u2026\u2026\u2026\u2026\u2026\u2026\u2026\u2026\u2026\u2026\u2026\u2026\u2026\u2026\u2026\u2026\u2026\u2026\u2026\u2026\u2026\u2026\u2026\u2026\u2026\u2026\u2026\u2026\u2026\u2026\u2026\u2026\u2026\u2026\u2026\u2026\u2026\u2026\u2026\u2026\u2026\u2026\u2026\u2026\u2026\u2026\u2026\u2026\u2026\u2026\u2026\u2026\u2026\u2026\u2026\u2026\u2026\u2026\u2026\u2026\u2026\u2026\u2026\u2026\u2026\u2026\u2026\u2026\u2026\u2026\u2026\u2026\u2026\u2026\u2026\u2026\u2026\u2026\u2026\u2026\u2026\u2026\u2026\u2026\u2026\u2026\u2026\u2026\u2026\u2026\u2026\u2026\u2026\u2026\u2026\u2026\u2026\u2026\u2026\u2026\u2026\u2026\u2026\u2026\u2026\u2026\u2026\u2026\u2026\u2026\u2026\u2026\u2026\u2026\u2026\u2026\u2026\u2026\u2026\u2026\u2026\u2026\u2026\u2026\u2026\u2026\u2026\u2026\u2026\u2026\u2026\u2026\u2026\u2026\u2026\u2026\u2026\u2026\u2026\u2026\u2026\u2026\u2026\u2026\u2026\u2026\u2026\u2026\u2026\u2026\u2026\u2026\u2026\u2026\u2026\u2026\u2026\u2026\u2026\u2026\u2026\u2026\u2026\u2026\u2026\u2026\u2026\u2026\u2026\u2026\u2026\u2026\u2026\u2026\u2026\u2026\u2026\u2026\u2026\u2026\u2026\u2026\u2026\u2026\u2026\u2026\u2026\u2026\u2026\u2026\u2026\u2026\u2026\u2026\u2026\u2026\u2026\u2026\u2026\u2026\u2026\u2026\u2026\u2026\u2026\u2026\u2026\u2026\u2026\u2026\u2026\u2026\u2026\u2026\u2026\u2026\u2026\u2026\u2026\u2026\u2026\u2026\u2026\u2026\u2026\u2026\u2026\u2026\u2026\u2026\u2026\u2026\u2026\u2026\u2026\u2026\u2026\u2026\u2026\u2026\u2026\u2026\u2026\u2026\u2026\u2026\u2026\u2026\u2026\u2026\u2026\u2026\u2026\u2026\u2026\u2026\u2026\u2026\u2026\u2026\u2026\u2026\u2026\u2026\u2026\u2026\u2026\u2026\u2026\u2026\u2026\u2026\u2026\u2026\u2026\u2026\u2026\u2026\u2026\u2026\u2026\u2026\u2026\u2026\u2026\u2026\u2026\u2026\u2026\u2026\u2026\u2026\u2026\u2026\u2026\u2026\u2026\u2026\u2026\u2026\u2026\u2026\u2026\u2026\u2026\u2026\u2026\u2026\u2026\u2026\u2026\u2026\u2026\u2026\u2026\u2026\u2026\u2026\u2026\u2026\u2026\u2026\u2026\u2026\u2026\u2026\u2026\u2026\u2026\u2026\u2026\u2026\u2026\u2026\u2026\u2026\u2026\u2026\u2026\u2026\u2026\u2026\u2026\u2026\u2026\u2026\u2026\u2026\u2026\u2026\u2026\u2026\u2026\u2026\u2026\u2026\u2026\u2026\u2026\u2026\u2026\u2026\u2026\u2026\u2026\u2026\u2026\u2026\u2026\u2026\u2026\u2026\u2026\u2026\u2026\u2026\u2026\u2026\u2026\u2026\u2026\u2026\u2026\u2026\u2026\u2026\u2026\u2026\u2026\u2026\u2026\u2026\u2026\u2026\u2026\u2026\u2026\u2026\u2026\u2026\u2026\u2026\u2026\u2026\u2026\u2026\u2026\u2026\u2026\u2026\u2026\u2026\u2026\u2026\u2026\u2026\u2026\u2026\u2026\u2026\u2026\u2026\u2026\u2026\u2026\u2026\u2026\u2026\u2026\u2026\u2026\u2026\u2026\u2026\u2026\u2026\u2026\u2026\u2026\u2026\u2026\u2026\u2026\u2026\u2026\u2026\u2026\u2026\u2026\u2026\u2026\u2026\u2026\u2026\u2026\u2026\u2026\u2026\u2026\u2026\u2026\u2026\u2026\u2026\u2026\u2026\u2026\u2026\u2026\u2026\u2026\u2026\u2026\u2026\u2026\u2026\u2026\u2026\u2026\u2026\u2026\u2026\u2026\u2026\u2026\u2026\u2026\u2026\u2026\u2026\u2026\u2026\u2026\u2026\u2026\u2026\u2026\u2026\u2026\u2026\u2026\u2026\u2026\u2026\u2026\u2026\u2026\u2026\u2026\u2026\u2026\u2026\u2026\u2026\u2026\u2026\u2026\u2026\u2026\u2026\u2026\u2026\u2026\u2026\u2026\u2026\u2026\u2026\u2026\u2026\u2026\u2026\u2026\u2026\u2026\u2026\u2026\u2026\u2026\u2026\u2026\u2026\u2026\u2026\u2026\u2026\u2026\u2026\u2026\u2026\u2026\u2026\u2026\u2026\u2026\u2026\u2026\u2026\u2026\u2026\u2026\u2026\u2026\u2026\u2026\u2026\u2026\u2026\u2026\u2026\u2026\u2026\u2026\u2026\u2026\u2026\u2026\u2026\u2026\u2026\u2026\u2026\u2026\u2026\u2026\u2026\u2026\u2026\u2026\u2026\u2026\u2026\u2026\u2026\u2026\u2026\u2026\u2026\u2026\u2026\u2026\u2026\u2026\u2026\u2026\u2026\u2026\u2026\u2026\u2026\u2026\u2026\u2026\u2026\u2026\u2026\u2026\u2026\u2026\u2026\u2026\u2026\u2026\u2026\u2026\u2026\u2026\u2026\u2026\u2026\u2026\u2026\u2026\u2026\u2026\u2026\u2026\u2026\u2026\u2026\u2026\u2026\u2026\u2026\u2026\u2026\u2026\u2026\u2026\u2026\u2026\u2026\u2026\u2026\u2026\u2026\u2026\u2026\u2026\u2026\u2026\u2026\u2026\u2026\u2026\u2026\u2026\u2026\u2026\u2026\u2026\u2026\u2026\u2026\u2026<span style=\"font-family: Calibri,sans-serif;\"><span style=\"font-size: medium;\"><br \/>\n<i><b>(weiter auf Ihren Folgeseiten)<br \/>\n<\/b><\/i><br \/>\nDie genannten Einwendungen sind meine pers\u00f6nlichen und keine gleichf\u00f6rmigen Einwendungen. Sie stehen vorbehaltlich weiterer vertiefender Einwendungen.<br \/>\n<\/span><\/span><\/p>\n<p lang=\"zxx\"><span style=\"font-family: Calibri,sans-serif;\"><span style=\"font-size: medium;\">Aus den genannten Gr\u00fcnden lehne ich weitere Windeignungsgebiete in den Landkreisen Prignitz, Ostprignitz-Ruppin und Oberhavel ausdr\u00fccklich ab. Eine Ausweisung der genannten Windeignungsgebiete stellt f\u00fcr mich eine Verletzung mehrerer \u00f6ffentlicher und meiner privaten Belange dar.<br \/>\n<\/span><\/span><br \/>\n<span style=\"font-size: small;\"><span style=\"font-family: Calibri,sans-serif;\"><span style=\"font-size: medium;\">Mit freundlichen Gr\u00fc\u00dfen<\/span><\/span><br \/>\n<\/span><\/p>\n<p>&nbsp;<\/p>\n<p><\/p>","protected":false},"excerpt":{"rendered":"<p>Absender: \u2026\u2026\u2026\u2026\u2026\u2026\u2026\u2026&#8230;..\u2026\u2026\u2026\u2026\u2026&#8230;. \u2026\u2026\u2026\u2026\u2026\u2026\u2026\u2026\u2026\u2026\u2026\u2026\u2026\u2026\u2026\u2026\u2026\u2026\u2026\u2026\u2026\u2026. \u2026\u2026\u2026\u2026\u2026\u2026\u2026\u2026\u2026\u2026\u2026\u2026\u2026\u2026\u2026\u2026\u2026\u2026\u2026\u2026\u2026\u2026. \u2026\u2026\u2026\u2026\u2026\u2026\u2026\u2026\u2026\u2026\u2026\u2026\u2026\u2026\u2026\u2026\u2026\u2026\u2026\u2026\u2026\u2026. Regionale Planungsstelle Fehrbelliner Stra\u00dfe 31 16816 Neuruppin Datum:\u2026\u2026\u2026\u2026\u2026\u2026\u2026\u2026\u2026\u2026\u2026\u2026.. Einspruch gegen die Ausweisung weiterer Windeignungsgebiete f\u00fcr Windindustrieanlagen sowie die Genehmigung aller vorliegenden Bauantr\u00e4ge Windkraftanlagen und zugeh\u00f6rigen Stromtrassen Sehr geehrte Damen und Herren, ich erkl\u00e4re hiermit ausdr\u00fccklich, dass ich mich durch die Nutzung der Fl\u00e4chen durch Windkraftanlagen infolge der Festlegung und Billigung [&hellip;]<\/p>\n","protected":false},"author":5,"featured_media":0,"comment_status":"closed","ping_status":"open","sticky":false,"template":"","format":"standard","meta":{"footnotes":""},"categories":[1],"tags":[],"class_list":["post-312","post","type-post","status-publish","format-standard","hentry","category-allgemein"],"_links":{"self":[{"href":"http:\/\/www.gegenwind-temnitz.de\/index.php?rest_route=\/wp\/v2\/posts\/312","targetHints":{"allow":["GET"]}}],"collection":[{"href":"http:\/\/www.gegenwind-temnitz.de\/index.php?rest_route=\/wp\/v2\/posts"}],"about":[{"href":"http:\/\/www.gegenwind-temnitz.de\/index.php?rest_route=\/wp\/v2\/types\/post"}],"author":[{"embeddable":true,"href":"http:\/\/www.gegenwind-temnitz.de\/index.php?rest_route=\/wp\/v2\/users\/5"}],"replies":[{"embeddable":true,"href":"http:\/\/www.gegenwind-temnitz.de\/index.php?rest_route=%2Fwp%2Fv2%2Fcomments&post=312"}],"version-history":[{"count":9,"href":"http:\/\/www.gegenwind-temnitz.de\/index.php?rest_route=\/wp\/v2\/posts\/312\/revisions"}],"predecessor-version":[{"id":498,"href":"http:\/\/www.gegenwind-temnitz.de\/index.php?rest_route=\/wp\/v2\/posts\/312\/revisions\/498"}],"wp:attachment":[{"href":"http:\/\/www.gegenwind-temnitz.de\/index.php?rest_route=%2Fwp%2Fv2%2Fmedia&parent=312"}],"wp:term":[{"taxonomy":"category","embeddable":true,"href":"http:\/\/www.gegenwind-temnitz.de\/index.php?rest_route=%2Fwp%2Fv2%2Fcategories&post=312"},{"taxonomy":"post_tag","embeddable":true,"href":"http:\/\/www.gegenwind-temnitz.de\/index.php?rest_route=%2Fwp%2Fv2%2Ftags&post=312"}],"curies":[{"name":"wp","href":"https:\/\/api.w.org\/{rel}","templated":true}]}}